{"id":1909,"date":"2021-06-14T16:26:42","date_gmt":"2021-06-14T23:26:42","guid":{"rendered":"https:\/\/yukonhumanrights.ca\/?p=1909"},"modified":"2021-06-14T16:26:42","modified_gmt":"2021-06-14T23:26:42","slug":"declaration-de-la-commission-des-droits-de-la-personne-du-yukon-sur-lattaque-islamophobe-a-london-en-ontario","status":"publish","type":"post","link":"https:\/\/yukonhumanrights.ca\/fr\/2021\/06\/declaration-de-la-commission-des-droits-de-la-personne-du-yukon-sur-lattaque-islamophobe-a-london-en-ontario\/","title":{"rendered":"D\u00e9claration de la Commission des droits de la personne du Yukon sur l\u2019attaque islamophobe \u00e0 London, en Ontario"},"content":{"rendered":"<p>Le dimanche\u00a06\u00a0juin\u00a02021, une famille musulmane d\u2019origine pakistanaise a \u00e9t\u00e9 brutalement renvers\u00e9e par un homme conduisant une camionnette \u00e0 London. Trois adultes et une adolescente ont \u00e9t\u00e9 tu\u00e9s, et un gar\u00e7on de neuf ans a \u00e9t\u00e9 gravement bless\u00e9. Le chauffeur du v\u00e9hicule, \u00e2g\u00e9 de 20\u00a0ans, fait face \u00e0 quatre chefs d\u2019accusation de meurtre et \u00e0 un chef de tentative de meurtre pour cette attaque pr\u00e9m\u00e9dit\u00e9e et islamophobe.<\/p>\n<p>Les crimes haineux et terroristes envers les musulmans ne sont pas rares au Canada. Selon un rapport de 2019 de Statistique\u00a0Canada, le nombre de crimes haineux d\u00e9clar\u00e9s par la police et visant les musulmans au Canada a augment\u00e9 au cours des derni\u00e8res ann\u00e9es. En 2017, en r\u00e9ponse au meurtre de six personnes \u00e0 la mosqu\u00e9e de Qu\u00e9bec, la Chambre des communes a adopt\u00e9 la motion\u00a0M-103, reconnaissant le fait qu\u2019il faut \u00ab\u00a0endiguer le climat de haine et de peur qui s\u2019installe dans la population; [et] condamner l\u2019islamophobie et toutes les formes de racisme et de discrimination religieuse syst\u00e9miques\u00a0\u00bb. En 2019, une strat\u00e9gie nationale de lutte contre le racisme actualis\u00e9e r\u00e9pertoriait l\u2019islamophobie comme une forme de discrimination. Toutefois, la gravit\u00e9 et la brutalit\u00e9 des \u00e9v\u00e9nements r\u00e9cents mettent en \u00e9vidence la n\u00e9cessit\u00e9 urgente d\u2019intervenir et d\u2019\u00e9liminer toutes les formes de racisme syst\u00e9mique et de discrimination religieuse.<\/p>\n<p>La Commission est solidaire de la famille endeuill\u00e9e et de la communaut\u00e9 de London en cette p\u00e9riode difficile. Il est \u00e0 noter que cette trag\u00e9die survient \u00e0 peine une semaine apr\u00e8s l\u2019horrible d\u00e9couverte des restes de 215\u00a0enfants sur le site d\u2019un pensionnat autochtone de Kamloops. La Commission invite tous les ordres de gouvernement \u00e0 prendre des mesures imm\u00e9diates et concr\u00e8tes pour lutter contre le racisme, les pr\u00e9jug\u00e9s et la x\u00e9nophobie sous toutes ses formes. Bien que nous reconnaissions les d\u00e9clarations de tristesse, de regret et de deuil de la part de divers gouvernements et fonctionnaires, nos communaut\u00e9s exigent et m\u00e9ritent des actions concr\u00e8tes et rapides. La Commission invite tous les gouvernements \u00e0 prendre les mesures d\u00e9crites ci-dessous\u00a0:<\/p>\n<ul>\n<li>Utiliser un langage pr\u00e9cis et coh\u00e9rent pour aborder les questions difficiles. Il est essentiel de reconna\u00eetre l\u2019existence du racisme syst\u00e9mique et d\u2019utiliser des termes comme \u00ab\u00a0islamophobie\u00a0\u00bb ou \u00ab\u00a0g\u00e9nocide\u00a0\u00bb lorsqu\u2019ils sont applicables.<\/li>\n<li>Prendre des mesures concr\u00e8tes pour combattre et \u00e9liminer la haine sur Internet.<\/li>\n<li>Renforcer les moyens des organisations de la soci\u00e9t\u00e9 civile dans les collectivit\u00e9s partout au Canada qui sont sur la ligne de front pour s\u2019attaquer \u00e0 ces probl\u00e8mes.<\/li>\n<\/ul>\n<p>L\u2019un des objectifs explicites de la <em>Loi sur les droits de la personne<\/em> du Yukon est de promouvoir le principe de l\u2019\u00e9galit\u00e9 de dignit\u00e9 et de droits de chacun. La Commission souhaite profiter de cette occasion pour r\u00e9affirmer cet engagement et inviter la population yukonnaise et canadienne \u00e0 faire de m\u00eame.<\/p>\n","protected":false},"excerpt":{"rendered":"<p>Le dimanche\u00a06\u00a0juin\u00a02021, une famille musulmane d\u2019origine pakistanaise a \u00e9t\u00e9 brutalement renvers\u00e9e par un homme conduisant une camionnette \u00e0 London. Trois adultes et une adolescente ont \u00e9t\u00e9 tu\u00e9s, et un gar\u00e7on de neuf ans a \u00e9t\u00e9 gravement bless\u00e9. Le chauffeur du v\u00e9hicule, \u00e2g\u00e9 de 20\u00a0ans, fait face \u00e0 quatre chefs d\u2019accusation de meurtre et \u00e0 un&hellip;<\/p>\n","protected":false},"author":4,"featured_media":0,"comment_status":"closed","ping_status":"closed","sticky":false,"template":"","format":"standard","meta":{"footnotes":""},"categories":[14],"tags":[],"class_list":["post-1909","post","type-post","status-publish","format-standard","hentry","category-actualites","category-14","description-off"],"yoast_head":"<!-- This site is optimized with the Yoast SEO plugin v27.4 - https:\/\/yoast.com\/product\/yoast-seo-wordpress\/ -->\n<title>D\u00e9claration de la Commission des droits de la personne du Yukon sur l\u2019attaque islamophobe \u00e0 London, en Ontario - Commission des droits de la personne du Yukon<\/title>\n<meta name=\"robots\" content=\"index, follow, max-snippet:-1, max-image-preview:large, max-video-preview:-1\" \/>\n<link rel=\"canonical\" href=\"https:\/\/yukonhumanrights.ca\/fr\/2021\/06\/declaration-de-la-commission-des-droits-de-la-personne-du-yukon-sur-lattaque-islamophobe-a-london-en-ontario\/\" \/>\n<meta property=\"og:locale\" content=\"fr_FR\" \/>\n<meta property=\"og:type\" content=\"article\" \/>\n<meta property=\"og:title\" content=\"D\u00e9claration de la Commission des droits de la personne du Yukon sur l\u2019attaque islamophobe \u00e0 London, en Ontario - Commission des droits de la personne du Yukon\" \/>\n<meta property=\"og:description\" content=\"Le dimanche\u00a06\u00a0juin\u00a02021, une famille musulmane d\u2019origine pakistanaise a \u00e9t\u00e9 brutalement renvers\u00e9e par un homme conduisant une camionnette \u00e0 London. Trois adultes et une adolescente ont \u00e9t\u00e9 tu\u00e9s, et un gar\u00e7on de neuf ans a \u00e9t\u00e9 gravement bless\u00e9. Le chauffeur du v\u00e9hicule, \u00e2g\u00e9 de 20\u00a0ans, fait face \u00e0 quatre chefs d\u2019accusation de meurtre et \u00e0 un&hellip;\" \/>\n<meta property=\"og:url\" content=\"https:\/\/yukonhumanrights.ca\/fr\/2021\/06\/declaration-de-la-commission-des-droits-de-la-personne-du-yukon-sur-lattaque-islamophobe-a-london-en-ontario\/\" \/>\n<meta property=\"og:site_name\" content=\"Commission des droits de la personne du Yukon\" \/>\n<meta property=\"article:published_time\" content=\"2021-06-14T23:26:42+00:00\" \/>\n<meta name=\"author\" content=\"madeleine\" \/>\n<meta name=\"twitter:card\" content=\"summary_large_image\" \/>\n<meta name=\"twitter:label1\" content=\"\u00c9crit par\" \/>\n\t<meta name=\"twitter:data1\" content=\"madeleine\" \/>\n\t<meta name=\"twitter:label2\" content=\"Dur\u00e9e de lecture estim\u00e9e\" \/>\n\t<meta name=\"twitter:data2\" content=\"2 minutes\" \/>\n<script type=\"application\/ld+json\" class=\"yoast-schema-graph\">{\"@context\":\"https:\\\/\\\/schema.org\",\"@graph\":[{\"@type\":\"Article\",\"@id\":\"https:\\\/\\\/yukonhumanrights.ca\\\/fr\\\/2021\\\/06\\\/declaration-de-la-commission-des-droits-de-la-personne-du-yukon-sur-lattaque-islamophobe-a-london-en-ontario\\\/#article\",\"isPartOf\":{\"@id\":\"https:\\\/\\\/yukonhumanrights.ca\\\/fr\\\/2021\\\/06\\\/declaration-de-la-commission-des-droits-de-la-personne-du-yukon-sur-lattaque-islamophobe-a-london-en-ontario\\\/\"},\"author\":{\"name\":\"madeleine\",\"@id\":\"https:\\\/\\\/yukonhumanrights.ca\\\/fr\\\/#\\\/schema\\\/person\\\/6283ae9aaec84e7815e4bf09cf5ac5fe\"},\"headline\":\"D\u00e9claration de la Commission des droits de la personne du Yukon sur l\u2019attaque islamophobe \u00e0 London, en Ontario\",\"datePublished\":\"2021-06-14T23:26:42+00:00\",\"mainEntityOfPage\":{\"@id\":\"https:\\\/\\\/yukonhumanrights.ca\\\/fr\\\/2021\\\/06\\\/declaration-de-la-commission-des-droits-de-la-personne-du-yukon-sur-lattaque-islamophobe-a-london-en-ontario\\\/\"},\"wordCount\":520,\"articleSection\":[\"Actualit\u00e9s\"],\"inLanguage\":\"fr-FR\"},{\"@type\":\"WebPage\",\"@id\":\"https:\\\/\\\/yukonhumanrights.ca\\\/fr\\\/2021\\\/06\\\/declaration-de-la-commission-des-droits-de-la-personne-du-yukon-sur-lattaque-islamophobe-a-london-en-ontario\\\/\",\"url\":\"https:\\\/\\\/yukonhumanrights.ca\\\/fr\\\/2021\\\/06\\\/declaration-de-la-commission-des-droits-de-la-personne-du-yukon-sur-lattaque-islamophobe-a-london-en-ontario\\\/\",\"name\":\"D\u00e9claration de la Commission des droits de la personne du Yukon sur l\u2019attaque islamophobe \u00e0 London, en Ontario - Commission des droits de la personne du Yukon\",\"isPartOf\":{\"@id\":\"https:\\\/\\\/yukonhumanrights.ca\\\/fr\\\/#website\"},\"datePublished\":\"2021-06-14T23:26:42+00:00\",\"author\":{\"@id\":\"https:\\\/\\\/yukonhumanrights.ca\\\/fr\\\/#\\\/schema\\\/person\\\/6283ae9aaec84e7815e4bf09cf5ac5fe\"},\"breadcrumb\":{\"@id\":\"https:\\\/\\\/yukonhumanrights.ca\\\/fr\\\/2021\\\/06\\\/declaration-de-la-commission-des-droits-de-la-personne-du-yukon-sur-lattaque-islamophobe-a-london-en-ontario\\\/#breadcrumb\"},\"inLanguage\":\"fr-FR\",\"potentialAction\":[{\"@type\":\"ReadAction\",\"target\":[\"https:\\\/\\\/yukonhumanrights.ca\\\/fr\\\/2021\\\/06\\\/declaration-de-la-commission-des-droits-de-la-personne-du-yukon-sur-lattaque-islamophobe-a-london-en-ontario\\\/\"]}]},{\"@type\":\"BreadcrumbList\",\"@id\":\"https:\\\/\\\/yukonhumanrights.ca\\\/fr\\\/2021\\\/06\\\/declaration-de-la-commission-des-droits-de-la-personne-du-yukon-sur-lattaque-islamophobe-a-london-en-ontario\\\/#breadcrumb\",\"itemListElement\":[{\"@type\":\"ListItem\",\"position\":1,\"name\":\"Home\",\"item\":\"https:\\\/\\\/yukonhumanrights.ca\\\/fr\\\/\"},{\"@type\":\"ListItem\",\"position\":2,\"name\":\"D\u00e9claration de la Commission des droits de la personne du Yukon sur l\u2019attaque islamophobe \u00e0 London, en Ontario\"}]},{\"@type\":\"WebSite\",\"@id\":\"https:\\\/\\\/yukonhumanrights.ca\\\/fr\\\/#website\",\"url\":\"https:\\\/\\\/yukonhumanrights.ca\\\/fr\\\/\",\"name\":\"Commission des droits de la personne du Yukon\",\"description\":\"\",\"potentialAction\":[{\"@type\":\"SearchAction\",\"target\":{\"@type\":\"EntryPoint\",\"urlTemplate\":\"https:\\\/\\\/yukonhumanrights.ca\\\/fr\\\/?s={search_term_string}\"},\"query-input\":{\"@type\":\"PropertyValueSpecification\",\"valueRequired\":true,\"valueName\":\"search_term_string\"}}],\"inLanguage\":\"fr-FR\"},{\"@type\":\"Person\",\"@id\":\"https:\\\/\\\/yukonhumanrights.ca\\\/fr\\\/#\\\/schema\\\/person\\\/6283ae9aaec84e7815e4bf09cf5ac5fe\",\"name\":\"madeleine\",\"image\":{\"@type\":\"ImageObject\",\"inLanguage\":\"fr-FR\",\"@id\":\"https:\\\/\\\/secure.gravatar.com\\\/avatar\\\/00297ccb98beda57d8565905ee6724eb24901d240112379a9e8ad450f30a782b?s=96&d=mm&r=g\",\"url\":\"https:\\\/\\\/secure.gravatar.com\\\/avatar\\\/00297ccb98beda57d8565905ee6724eb24901d240112379a9e8ad450f30a782b?s=96&d=mm&r=g\",\"contentUrl\":\"https:\\\/\\\/secure.gravatar.com\\\/avatar\\\/00297ccb98beda57d8565905ee6724eb24901d240112379a9e8ad450f30a782b?s=96&d=mm&r=g\",\"caption\":\"madeleine\"},\"url\":\"https:\\\/\\\/yukonhumanrights.ca\\\/fr\\\/author\\\/madeleine\\\/\"}]}<\/script>\n<!-- \/ Yoast SEO plugin. -->","yoast_head_json":{"title":"D\u00e9claration de la Commission des droits de la personne du Yukon sur l\u2019attaque islamophobe \u00e0 London, en Ontario - Commission des droits de la personne du Yukon","robots":{"index":"index","follow":"follow","max-snippet":"max-snippet:-1","max-image-preview":"max-image-preview:large","max-video-preview":"max-video-preview:-1"},"canonical":"https:\/\/yukonhumanrights.ca\/fr\/2021\/06\/declaration-de-la-commission-des-droits-de-la-personne-du-yukon-sur-lattaque-islamophobe-a-london-en-ontario\/","og_locale":"fr_FR","og_type":"article","og_title":"D\u00e9claration de la Commission des droits de la personne du Yukon sur l\u2019attaque islamophobe \u00e0 London, en Ontario - Commission des droits de la personne du Yukon","og_description":"Le dimanche\u00a06\u00a0juin\u00a02021, une famille musulmane d\u2019origine pakistanaise a \u00e9t\u00e9 brutalement renvers\u00e9e par un homme conduisant une camionnette \u00e0 London. Trois adultes et une adolescente ont \u00e9t\u00e9 tu\u00e9s, et un gar\u00e7on de neuf ans a \u00e9t\u00e9 gravement bless\u00e9. Le chauffeur du v\u00e9hicule, \u00e2g\u00e9 de 20\u00a0ans, fait face \u00e0 quatre chefs d\u2019accusation de meurtre et \u00e0 un&hellip;","og_url":"https:\/\/yukonhumanrights.ca\/fr\/2021\/06\/declaration-de-la-commission-des-droits-de-la-personne-du-yukon-sur-lattaque-islamophobe-a-london-en-ontario\/","og_site_name":"Commission des droits de la personne du Yukon","article_published_time":"2021-06-14T23:26:42+00:00","author":"madeleine","twitter_card":"summary_large_image","twitter_misc":{"\u00c9crit par":"madeleine","Dur\u00e9e de lecture estim\u00e9e":"2 minutes"},"schema":{"@context":"https:\/\/schema.org","@graph":[{"@type":"Article","@id":"https:\/\/yukonhumanrights.ca\/fr\/2021\/06\/declaration-de-la-commission-des-droits-de-la-personne-du-yukon-sur-lattaque-islamophobe-a-london-en-ontario\/#article","isPartOf":{"@id":"https:\/\/yukonhumanrights.ca\/fr\/2021\/06\/declaration-de-la-commission-des-droits-de-la-personne-du-yukon-sur-lattaque-islamophobe-a-london-en-ontario\/"},"author":{"name":"madeleine","@id":"https:\/\/yukonhumanrights.ca\/fr\/#\/schema\/person\/6283ae9aaec84e7815e4bf09cf5ac5fe"},"headline":"D\u00e9claration de la Commission des droits de la personne du Yukon sur l\u2019attaque islamophobe \u00e0 London, en Ontario","datePublished":"2021-06-14T23:26:42+00:00","mainEntityOfPage":{"@id":"https:\/\/yukonhumanrights.ca\/fr\/2021\/06\/declaration-de-la-commission-des-droits-de-la-personne-du-yukon-sur-lattaque-islamophobe-a-london-en-ontario\/"},"wordCount":520,"articleSection":["Actualit\u00e9s"],"inLanguage":"fr-FR"},{"@type":"WebPage","@id":"https:\/\/yukonhumanrights.ca\/fr\/2021\/06\/declaration-de-la-commission-des-droits-de-la-personne-du-yukon-sur-lattaque-islamophobe-a-london-en-ontario\/","url":"https:\/\/yukonhumanrights.ca\/fr\/2021\/06\/declaration-de-la-commission-des-droits-de-la-personne-du-yukon-sur-lattaque-islamophobe-a-london-en-ontario\/","name":"D\u00e9claration de la Commission des droits de la personne du Yukon sur l\u2019attaque islamophobe \u00e0 London, en Ontario - Commission des droits de la personne du Yukon","isPartOf":{"@id":"https:\/\/yukonhumanrights.ca\/fr\/#website"},"datePublished":"2021-06-14T23:26:42+00:00","author":{"@id":"https:\/\/yukonhumanrights.ca\/fr\/#\/schema\/person\/6283ae9aaec84e7815e4bf09cf5ac5fe"},"breadcrumb":{"@id":"https:\/\/yukonhumanrights.ca\/fr\/2021\/06\/declaration-de-la-commission-des-droits-de-la-personne-du-yukon-sur-lattaque-islamophobe-a-london-en-ontario\/#breadcrumb"},"inLanguage":"fr-FR","potentialAction":[{"@type":"ReadAction","target":["https:\/\/yukonhumanrights.ca\/fr\/2021\/06\/declaration-de-la-commission-des-droits-de-la-personne-du-yukon-sur-lattaque-islamophobe-a-london-en-ontario\/"]}]},{"@type":"BreadcrumbList","@id":"https:\/\/yukonhumanrights.ca\/fr\/2021\/06\/declaration-de-la-commission-des-droits-de-la-personne-du-yukon-sur-lattaque-islamophobe-a-london-en-ontario\/#breadcrumb","itemListElement":[{"@type":"ListItem","position":1,"name":"Home","item":"https:\/\/yukonhumanrights.ca\/fr\/"},{"@type":"ListItem","position":2,"name":"D\u00e9claration de la Commission des droits de la personne du Yukon sur l\u2019attaque islamophobe \u00e0 London, en Ontario"}]},{"@type":"WebSite","@id":"https:\/\/yukonhumanrights.ca\/fr\/#website","url":"https:\/\/yukonhumanrights.ca\/fr\/","name":"Commission des droits de la personne du Yukon","description":"","potentialAction":[{"@type":"SearchAction","target":{"@type":"EntryPoint","urlTemplate":"https:\/\/yukonhumanrights.ca\/fr\/?s={search_term_string}"},"query-input":{"@type":"PropertyValueSpecification","valueRequired":true,"valueName":"search_term_string"}}],"inLanguage":"fr-FR"},{"@type":"Person","@id":"https:\/\/yukonhumanrights.ca\/fr\/#\/schema\/person\/6283ae9aaec84e7815e4bf09cf5ac5fe","name":"madeleine","image":{"@type":"ImageObject","inLanguage":"fr-FR","@id":"https:\/\/secure.gravatar.com\/avatar\/00297ccb98beda57d8565905ee6724eb24901d240112379a9e8ad450f30a782b?s=96&d=mm&r=g","url":"https:\/\/secure.gravatar.com\/avatar\/00297ccb98beda57d8565905ee6724eb24901d240112379a9e8ad450f30a782b?s=96&d=mm&r=g","contentUrl":"https:\/\/secure.gravatar.com\/avatar\/00297ccb98beda57d8565905ee6724eb24901d240112379a9e8ad450f30a782b?s=96&d=mm&r=g","caption":"madeleine"},"url":"https:\/\/yukonhumanrights.ca\/fr\/author\/madeleine\/"}]}},"_links":{"self":[{"href":"https:\/\/yukonhumanrights.ca\/fr\/wp-json\/wp\/v2\/posts\/1909","targetHints":{"allow":["GET"]}}],"collection":[{"href":"https:\/\/yukonhumanrights.ca\/fr\/wp-json\/wp\/v2\/posts"}],"about":[{"href":"https:\/\/yukonhumanrights.ca\/fr\/wp-json\/wp\/v2\/types\/post"}],"author":[{"embeddable":true,"href":"https:\/\/yukonhumanrights.ca\/fr\/wp-json\/wp\/v2\/users\/4"}],"replies":[{"embeddable":true,"href":"https:\/\/yukonhumanrights.ca\/fr\/wp-json\/wp\/v2\/comments?post=1909"}],"version-history":[{"count":1,"href":"https:\/\/yukonhumanrights.ca\/fr\/wp-json\/wp\/v2\/posts\/1909\/revisions"}],"predecessor-version":[{"id":1910,"href":"https:\/\/yukonhumanrights.ca\/fr\/wp-json\/wp\/v2\/posts\/1909\/revisions\/1910"}],"wp:attachment":[{"href":"https:\/\/yukonhumanrights.ca\/fr\/wp-json\/wp\/v2\/media?parent=1909"}],"wp:term":[{"taxonomy":"category","embeddable":true,"href":"https:\/\/yukonhumanrights.ca\/fr\/wp-json\/wp\/v2\/categories?post=1909"},{"taxonomy":"post_tag","embeddable":true,"href":"https:\/\/yukonhumanrights.ca\/fr\/wp-json\/wp\/v2\/tags?post=1909"}],"curies":[{"name":"wp","href":"https:\/\/api.w.org\/{rel}","templated":true}]}}